{"id":565,"date":"2023-06-13T17:26:33","date_gmt":"2023-06-13T17:26:33","guid":{"rendered":"https:\/\/barrososemminas.org\/20252023\/?p=565"},"modified":"2023-06-18T12:23:11","modified_gmt":"2023-06-18T12:23:11","slug":"lancamento-do-novo-site-da-acampada-em-defesa-do-barroso-2023","status":"publish","type":"post","link":"https:\/\/barrososemminas.org\/2023\/2023\/06\/13\/lancamento-do-novo-site-da-acampada-em-defesa-do-barroso-2023\/","title":{"rendered":"Lan\u00e7amento do novo site da acampada em defesa do Barroso 2023"},"content":{"rendered":"\r\n<p>Bem-vindo!<\/p>\r\n\r\n\r\n\r\n<p>Aguarda o an\u00fancio nas redes sociais da abertura das inscri\u00e7\u00f5es!<\/p>\r\n\r\n\r\n\r\n<ul>\r\n\r\n<li>\r\n    <p><a title=\"\" aria-label=\"\" href=\"https:\/\/social.coletivos.org\/@barrososemminas\" target=\"&quot;_blank&quot;\" rel=\"me noopener\" noopener=\"\"><i class=\"sek-social-icon fab fa-mastodon\"><\/i><span class=\"screen-reader-text\">fab fa-mastodon<\/span>Segue-nos no mastodon\/fediverse<\/a><\/p>\r\n    <\/li>\r\n\r\n<li><a title=\"peertube\" aria-label=\"peertube\" href=\"https:\/\/videos.coletivos.org\/video-channels\/acampada\/videos\" target=\"&quot;_blank&quot;\" rel=\"&quot;nofollow noopener\" noopener=\"\"><i class=\"sek-social-icon fab fa-youtube\"><\/i><span class=\"screen-reader-text\">fab fa-youtube<\/span>V\u00eddeos<\/a><\/li>\r\n\r\n<li><a title=\"\" aria-label=\"\" href=\"https:\/\/www.facebook.com\/acampamentoemdefesadobarroso\/\" target=\"&quot;_blank&quot;\" rel=\"&quot;nofollow noopener\" noopener=\"\"><i class=\"sek-social-icon fab fa-facebook\"><\/i><span class=\"screen-reader-text\">fab fa-facebook<\/span>Facebook<\/a><\/li>\r\n\r\n<li><a title=\"\" aria-label=\"\" href=\"https:\/\/instagram.com\/barrososemminas?utm_medium=copy_link\" target=\"&quot;_blank&quot;\" rel=\"&quot;nofollow noopener\" noopener=\"\"><i class=\"sek-social-icon fab fa-instagram\"><\/i><span class=\"screen-reader-text\">fab fa-instagram<\/span>Instagram<\/a><\/li>\r\n\r\n\r\n<\/ul>","protected":false},"excerpt":{"rendered":"<p>Bem-vindo! Aguarda o an\u00fancio nas redes sociais da abertura das inscri\u00e7\u00f5es! fab fa-mastodonSegue-nos no mastodon\/fediverse fab fa-youtubeV\u00eddeos fab fa-facebookFacebook fab fa-instagramInstagram<\/p>\n","protected":false},"author":1,"featured_media":271,"comment_status":"open","ping_status":"open","sticky":false,"template":"","format":"standard","meta":{"footnotes":""},"categories":[13],"tags":[],"acf":[],"_links":{"self":[{"href":"https:\/\/barrososemminas.org\/2023\/wp-json\/wp\/v2\/posts\/565"}],"collection":[{"href":"https:\/\/barrososemminas.org\/2023\/wp-json\/wp\/v2\/posts"}],"about":[{"href":"https:\/\/barrososemminas.org\/2023\/wp-json\/wp\/v2\/types\/post"}],"author":[{"embeddable":true,"href":"https:\/\/barrososemminas.org\/2023\/wp-json\/wp\/v2\/users\/1"}],"replies":[{"embeddable":true,"href":"https:\/\/barrososemminas.org\/2023\/wp-json\/wp\/v2\/comments?post=565"}],"version-history":[{"count":10,"href":"https:\/\/barrososemminas.org\/2023\/wp-json\/wp\/v2\/posts\/565\/revisions"}],"predecessor-version":[{"id":1008,"href":"https:\/\/barrososemminas.org\/2023\/wp-json\/wp\/v2\/posts\/565\/revisions\/1008"}],"wp:featuredmedia":[{"embeddable":true,"href":"https:\/\/barrososemminas.org\/2023\/wp-json\/wp\/v2\/media\/271"}],"wp:attachment":[{"href":"https:\/\/barrososemminas.org\/2023\/wp-json\/wp\/v2\/media?parent=565"}],"wp:term":[{"taxonomy":"category","embeddable":true,"href":"https:\/\/barrososemminas.org\/2023\/wp-json\/wp\/v2\/categories?post=565"},{"taxonomy":"post_tag","embeddable":true,"href":"https:\/\/barrososemminas.org\/2023\/wp-json\/wp\/v2\/tags?post=565"}],"curies":[{"name":"wp","href":"https:\/\/api.w.org\/{rel}","templated":true}]}}