{"id":583,"date":"2021-08-12T00:31:18","date_gmt":"2021-08-12T00:31:18","guid":{"rendered":"https:\/\/barrososemminas.org\/2022\/?p=583"},"modified":"2021-08-12T00:52:15","modified_gmt":"2021-08-12T00:52:15","slug":"dia-2-acampada-em-defesa-do-barroso","status":"publish","type":"post","link":"https:\/\/barrososemminas.org\/2022\/2021\/08\/12\/dia-2-acampada-em-defesa-do-barroso\/","title":{"rendered":"Dia -2: Acampada em defesa do Barroso"},"content":{"rendered":"\n<p>12 Agosto 2021<\/p>\n\n\n\n<p>Aqui nos preparativos para a acampada que come\u00e7a este S\u00e1bado!<\/p>\n\n\n\n<p>Entretanto fechamos as inscri\u00e7\u00f5es, n\u00e3o s\u00f3 por pedido da popula\u00e7\u00e3o local de limitar as inscri\u00e7\u00f5es, mas tamb\u00e9m por uma quest\u00e3o logistica. <\/p>\n\n\n\n<p>Lan\u00e7\u00e1mos a <strong>INFOLINE: +351 920229932<\/strong> para qualquer problema ou d\u00favida contata-nos!<\/p>\n\n\n\n<p>Esperamos aqui por voc\u00eas&#8230; entretanto deixamos aqui um resumo das ac\u00e7\u00f5es do dia de hoje e outras coisas&#8230;<\/p>\n\n\n\n<p>A bicicletada em defesa dos montes vai monte a acima, sa\u00edram do Porto ontem, passaram por Amarante hoje e j\u00e1 est\u00e3o em Cimo de Vila, Celorico de Bastos.<\/p>\n\n\n\n<figure class=\"wp-block-embed is-type-wp-embed is-provider-peertube wp-block-embed-peertube\"><div class=\"wp-block-embed__wrapper\">\n<iframe class=\"wp-embedded-content\" sandbox=\"allow-scripts\" security=\"restricted\" title=\"bicicletada em defesa dos montes \" width=\"525\" height=\"315\" src=\"https:\/\/videos.coletivos.org\/videos\/embed\/04c4a070-81e6-4bdd-b0aa-cd7f9997c5d1#?secret=muCLed62g9\" data-secret=\"muCLed62g9\" frameborder=\"0\"><\/iframe>\n<\/div><\/figure>\n\n\n\n<p>Rancho SIM! minas N\u00c3O! <\/p>\n\n\n\n<p>Rancho m\u00f3vil pelas Covas do Barroso. Em apoio \u00e0 luta contra as Minas!<\/p>\n\n\n\n<figure class=\"wp-block-embed is-type-wp-embed is-provider-peertube wp-block-embed-peertube\"><div class=\"wp-block-embed__wrapper\">\n<iframe class=\"wp-embedded-content\" sandbox=\"allow-scripts\" security=\"restricted\" title=\" Rancho SIM! minas N\u00c3O! \" width=\"525\" height=\"315\" src=\"https:\/\/videos.coletivos.org\/videos\/embed\/ff83b2dd-979a-41f3-b50b-462beb1866d9#?secret=NPdTc9dWma\" data-secret=\"NPdTc9dWma\" frameborder=\"0\"><\/iframe>\n<\/div><\/figure>\n","protected":false},"excerpt":{"rendered":"<p>12 Agosto 2021 Aqui nos preparativos para a acampada que come\u00e7a este S\u00e1bado! Entretanto fechamos as inscri\u00e7\u00f5es, n\u00e3o s\u00f3 por pedido da popula\u00e7\u00e3o local de limitar as inscri\u00e7\u00f5es, mas tamb\u00e9m por uma quest\u00e3o logistica. Lan\u00e7\u00e1mos a INFOLINE: +351 920229932 para qualquer problema ou d\u00favida contata-nos! Esperamos aqui por voc\u00eas&#8230; entretanto deixamos aqui um resumo das &hellip; <\/p>\n<p class=\"link-more\"><a href=\"https:\/\/barrososemminas.org\/2022\/2021\/08\/12\/dia-2-acampada-em-defesa-do-barroso\/\" class=\"more-link\">Continuar a ler <span class=\"screen-reader-text\">&#8220;Dia -2: Acampada em defesa do Barroso&#8221;<\/span><\/a><\/p>\n","protected":false},"author":1,"featured_media":0,"comment_status":"open","ping_status":"open","sticky":false,"template":"","format":"standard","meta":[],"categories":[1],"tags":[],"_links":{"self":[{"href":"https:\/\/barrososemminas.org\/2022\/wp-json\/wp\/v2\/posts\/583"}],"collection":[{"href":"https:\/\/barrososemminas.org\/2022\/wp-json\/wp\/v2\/posts"}],"about":[{"href":"https:\/\/barrososemminas.org\/2022\/wp-json\/wp\/v2\/types\/post"}],"author":[{"embeddable":true,"href":"https:\/\/barrososemminas.org\/2022\/wp-json\/wp\/v2\/users\/1"}],"replies":[{"embeddable":true,"href":"https:\/\/barrososemminas.org\/2022\/wp-json\/wp\/v2\/comments?post=583"}],"version-history":[{"count":4,"href":"https:\/\/barrososemminas.org\/2022\/wp-json\/wp\/v2\/posts\/583\/revisions"}],"predecessor-version":[{"id":589,"href":"https:\/\/barrososemminas.org\/2022\/wp-json\/wp\/v2\/posts\/583\/revisions\/589"}],"wp:attachment":[{"href":"https:\/\/barrososemminas.org\/2022\/wp-json\/wp\/v2\/media?parent=583"}],"wp:term":[{"taxonomy":"category","embeddable":true,"href":"https:\/\/barrososemminas.org\/2022\/wp-json\/wp\/v2\/categories?post=583"},{"taxonomy":"post_tag","embeddable":true,"href":"https:\/\/barrososemminas.org\/2022\/wp-json\/wp\/v2\/tags?post=583"}],"curies":[{"name":"wp","href":"https:\/\/api.w.org\/{rel}","templated":true}]}}