{"id":546,"date":"2021-08-09T15:06:31","date_gmt":"2021-08-09T15:06:31","guid":{"rendered":"https:\/\/barrososemminas.org\/2022\/?p=546"},"modified":"2021-08-09T15:06:31","modified_gmt":"2021-08-09T15:06:31","slug":"barroso-marcha-em-salto-contra-a-mina-da-borralha-e-todos-os-outros-projectos-vizinhos","status":"publish","type":"post","link":"https:\/\/barrososemminas.org\/2022\/2021\/08\/09\/barroso-marcha-em-salto-contra-a-mina-da-borralha-e-todos-os-outros-projectos-vizinhos\/","title":{"rendered":"#Barroso Marcha em Salto \u00abcontra a mina da Borralha e todos os outros projectos vizinhos\u00bb"},"content":{"rendered":"\n<figure class=\"wp-block-embed is-type-wp-embed is-provider-peertube wp-block-embed-peertube\"><div class=\"wp-block-embed__wrapper\">\n<iframe class=\"wp-embedded-content\" sandbox=\"allow-scripts\" security=\"restricted\" title=\"#Barroso Marcha em Salto \u00abcontra a mina da Borralha e todos os outros projectos vizinhos\u00bb\" width=\"525\" height=\"315\" src=\"https:\/\/videos.coletivos.org\/videos\/embed\/22bfe76e-b690-477d-a8d9-06a46954dd29#?secret=SvcAQamYp5\" data-secret=\"SvcAQamYp5\" frameborder=\"0\"><\/iframe>\n<\/div><\/figure>\n\n\n\n<p>18 tractores e mais de 60 carros e motas participaram ontem na marcha de protesto que partiu do Carvalhal do Espor\u00e3o com destino a Salto, passando por Linharelhos, Borralha, Brecha de Santa Helena e Paredes.<\/p>\n\n\n\n<p>\u00abAqui, ao longo dos s\u00e9culos, protegeu-se a natureza, preservou-se a biodiversidade, os valores culturais, as pr\u00e1ticas ancestrais de trabalho agr\u00edcola e de maneio pecu\u00e1rio. As tradi\u00e7\u00f5es, saberes, usos e costumes que foram passados de gera\u00e7\u00e3o em gera\u00e7\u00e3o e se mant\u00eam vivos at\u00e9 hoje, recebemo-los dos nossos pais e av\u00f3s e queremos transmiti-los aos nossos filhos e netos. (\u2026)<\/p>\n\n\n\n<p>Apesar dos reconhecimentos internacionais, apesar das v\u00e1rias classifica\u00e7\u00f5es dos seus produtos, da qualidade da nossa \u00e1gua, da beleza das nossas paisagens, da resili\u00eancia das nossas gentes, tudo isto parece n\u00e3o ter for\u00e7a suficiente para travar a pandemia mineira que quer contaminar e destruir a nossa regi\u00e3o, com a cumplicidade da Uni\u00e3o Europeia, do governo central e das nossas autarquias locais. Se as minas avan\u00e7arem na freguesia, n\u00f3s, popula\u00e7\u00e3o, ficamos limitados das pr\u00e1ticas econ\u00f3micas, sociais, culturais e ambientais. (\u2026)<\/p>\n\n\n\n<p>Qual ser\u00e1 o nosso futuro? Como ficar\u00e3o as nossas casas? Ser\u00e1 que v\u00e3o resistir \u00e0s explos\u00f5es di\u00e1rias de 720 kilos na zona da mina? Como ficar\u00e1 a qualidade do ar? E a contamina\u00e7\u00e3o das \u00e1guas? E o barulho di\u00e1rio das m\u00e1quinas a trabalhar?<\/p>\n\n\n\n<p>Por todas estas raz\u00f5es, organizamos esta marcha de protesto contra a Mina da Borralha e contra todos os outros projectos mineiros da regi\u00e3o. As nossas terras est\u00e3o em risco de serem destru\u00eddas. Vamos permitir que isso aconte\u00e7a? N\u00e3o, n\u00e3o vamos permitir! Minas aqui, nunca mais. Borralha sim, Minas n\u00e3o! For\u00e7a Barroso!\u00bb<\/p>\n\n\n\n<p>Acampamento em Defesa do Barroso | 14 a 18 de Agosto em Covas do Barroso<br>Contra o mega-projecto da Savannah Resources de mina de l\u00edtio a c\u00e9u aberto de 593 hectares<br>www.barrososemminas.org\/2022<\/p>\n\n\n\n<p>18 tractores e mais de 60 carros e motas participaram ontem na marcha de protesto que partiu do Carvalhal do Espor\u00e3o com destino a Salto, passando por Linharelhos, Borralha, Brecha de Santa Helena e Paredes.<\/p>\n\n\n\n<p>\u00abAqui, ao longo dos s\u00e9culos, protegeu-se a natureza, preservou-se a biodiversidade, os valores culturais, as pr\u00e1ticas ancestrais de trabalho agr\u00edcola e de maneio pecu\u00e1rio. As tradi\u00e7\u00f5es, saberes, usos e costumes que foram passados de gera\u00e7\u00e3o em gera\u00e7\u00e3o e se mant\u00eam vivos at\u00e9 hoje, recebemo-los dos nossos pais e av\u00f3s e queremos transmiti-los aos nossos filhos e netos. (\u2026)<\/p>\n\n\n\n<p>Apesar dos reconhecimentos internacionais, apesar das v\u00e1rias classifica\u00e7\u00f5es dos seus produtos, da qualidade da nossa \u00e1gua, da beleza das nossas paisagens, da resili\u00eancia das nossas gentes, tudo isto parece n\u00e3o ter for\u00e7a suficiente para travar a pandemia mineira que quer contaminar e destruir a nossa regi\u00e3o, com a cumplicidade da Uni\u00e3o Europeia, do governo central e das nossas autarquias locais. Se as minas avan\u00e7arem na freguesia, n\u00f3s, popula\u00e7\u00e3o, ficamos limitados das pr\u00e1ticas econ\u00f3micas, sociais, culturais e ambientais. (\u2026)<\/p>\n\n\n\n<p>Qual ser\u00e1 o nosso futuro? Como ficar\u00e3o as nossas casas? Ser\u00e1 que v\u00e3o resistir \u00e0s explos\u00f5es di\u00e1rias de 720 kilos na zona da mina? Como ficar\u00e1 a qualidade do ar? E a contamina\u00e7\u00e3o das \u00e1guas? E o barulho di\u00e1rio das m\u00e1quinas a trabalhar?<\/p>\n\n\n\n<p>Por todas estas raz\u00f5es, organizamos esta marcha de protesto contra a Mina da Borralha e contra todos os outros projectos mineiros da regi\u00e3o. As nossas terras est\u00e3o em risco de serem destru\u00eddas. Vamos permitir que isso aconte\u00e7a? N\u00e3o, n\u00e3o vamos permitir! Minas aqui, nunca mais. Borralha sim, Minas n\u00e3o! For\u00e7a Barroso!\u00bb<\/p>\n","protected":false},"excerpt":{"rendered":"<p>18 tractores e mais de 60 carros e motas participaram ontem na marcha de protesto que partiu do Carvalhal do Espor\u00e3o com destino a Salto, passando por Linharelhos, Borralha, Brecha de Santa Helena e Paredes. \u00abAqui, ao longo dos s\u00e9culos, protegeu-se a natureza, preservou-se a biodiversidade, os valores culturais, as pr\u00e1ticas ancestrais de trabalho agr\u00edcola &hellip; <\/p>\n<p class=\"link-more\"><a href=\"https:\/\/barrososemminas.org\/2022\/2021\/08\/09\/barroso-marcha-em-salto-contra-a-mina-da-borralha-e-todos-os-outros-projectos-vizinhos\/\" class=\"more-link\">Continuar a ler <span class=\"screen-reader-text\">&#8220;#Barroso Marcha em Salto \u00abcontra a mina da Borralha e todos os outros projectos vizinhos\u00bb&#8221;<\/span><\/a><\/p>\n","protected":false},"author":1,"featured_media":0,"comment_status":"open","ping_status":"open","sticky":false,"template":"","format":"standard","meta":[],"categories":[1],"tags":[],"_links":{"self":[{"href":"https:\/\/barrososemminas.org\/2022\/wp-json\/wp\/v2\/posts\/546"}],"collection":[{"href":"https:\/\/barrososemminas.org\/2022\/wp-json\/wp\/v2\/posts"}],"about":[{"href":"https:\/\/barrososemminas.org\/2022\/wp-json\/wp\/v2\/types\/post"}],"author":[{"embeddable":true,"href":"https:\/\/barrososemminas.org\/2022\/wp-json\/wp\/v2\/users\/1"}],"replies":[{"embeddable":true,"href":"https:\/\/barrososemminas.org\/2022\/wp-json\/wp\/v2\/comments?post=546"}],"version-history":[{"count":1,"href":"https:\/\/barrososemminas.org\/2022\/wp-json\/wp\/v2\/posts\/546\/revisions"}],"predecessor-version":[{"id":548,"href":"https:\/\/barrososemminas.org\/2022\/wp-json\/wp\/v2\/posts\/546\/revisions\/548"}],"wp:attachment":[{"href":"https:\/\/barrososemminas.org\/2022\/wp-json\/wp\/v2\/media?parent=546"}],"wp:term":[{"taxonomy":"category","embeddable":true,"href":"https:\/\/barrososemminas.org\/2022\/wp-json\/wp\/v2\/categories?post=546"},{"taxonomy":"post_tag","embeddable":true,"href":"https:\/\/barrososemminas.org\/2022\/wp-json\/wp\/v2\/tags?post=546"}],"curies":[{"name":"wp","href":"https:\/\/api.w.org\/{rel}","templated":true}]}}