{"id":509,"date":"2021-08-05T16:13:35","date_gmt":"2021-08-05T16:13:35","guid":{"rendered":"https:\/\/barrososemminas.org\/2022\/?p=509"},"modified":"2021-08-05T21:26:34","modified_gmt":"2021-08-05T21:26:34","slug":"16-26-agosto-les-rayonnantes-acampada-de-encontros-e-outras-coisas-anti-nucleares","status":"publish","type":"post","link":"https:\/\/barrososemminas.org\/2022\/2021\/08\/05\/16-26-agosto-les-rayonnantes-acampada-de-encontros-e-outras-coisas-anti-nucleares\/","title":{"rendered":"16 &#8211; 26 Agosto: Les Rayonnantes &#8211; Acampada de encontros e outras coisas anti-nucleares"},"content":{"rendered":"\n<figure class=\"wp-block-image size-full\"><img loading=\"lazy\" width=\"618\" height=\"774\" src=\"https:\/\/barrososemminas.org\/2022\/wp-content\/uploads\/2021\/08\/rayonnantes.png\" alt=\"\" class=\"wp-image-510\" srcset=\"https:\/\/barrososemminas.org\/2022\/wp-content\/uploads\/2021\/08\/rayonnantes.png 618w, https:\/\/barrososemminas.org\/2022\/wp-content\/uploads\/2021\/08\/rayonnantes-240x300.png 240w\" sizes=\"(max-width: 618px) 100vw, 618px\" \/><\/figure>\n\n\n\n<p>Vamos unir-nos contra a energia nuclear mortal e seu mundo de domina\u00e7\u00e3o.<\/p>\n\n\n\n<p>Onde eles querem enterrar tudo, vamos fazer crescer as nossas lutas contra o <a href=\"https:\/\/www.cigeo.gouv.fr\/comment-fonctionnera-cigeo-141\" target=\"_blank\" rel=\"noreferrer noopener\">Cig\u00e9o<\/a>!<\/p>\n\n\n\n<p>O projeto Cigeo liderado pela Andra em Meuse (55) promete enterrar 85.000m\u00b3 de residuos radioativos em 270 km de t\u00faneis durante milhares de anos. Sem respeitar o meio ambiente e a popula\u00e7\u00e3o local. Sem qualquer considera\u00e7\u00e3o pelas quest\u00f5es ambientais, sem estudos sobre os impactos para a sa\u00fade e a falta de an\u00e1lise do risco acidentes \u2026 \u00e9 nestes termos que muito recentemente a Autoridade Ambiental decidiu sobre o projeto. A ponto de aconselhar limitar o desenvolvimento das popula\u00e7\u00f5es envolventes! Popula\u00e7\u00f5es que expressam sua oposi\u00e7\u00e3o h\u00e1 27 anos.<\/p>\n\n\n\n<p>Os pr\u00f3ximos meses s\u00e3o decisivos.<\/p>\n\n\n\n<p>No ano passado foi protocolada uma declara\u00e7\u00e3o de utilidade p\u00fablica (DUP) da Cigeo, se aceita pelo governo, as chances de paralisa\u00e7\u00e3o do projeto diminuir\u00e3o. A declara\u00e7\u00e3o de utilidade p\u00fablica \u00e9 um passo fundamental para os promotores do projeto: abrir\u00e1 as portas \u00e0 expropria\u00e7\u00e3o de terras que Andra n\u00e3o conseguiu adquirir e ao desmatamento do Bois Lejuc, que j\u00e1 foi ocupado v\u00e1rias vezes; autorizar\u00e1 a reforma e constru\u00e7\u00e3o de dezenas de kil\u00f3metros de ferrovias. Tornando assim o territ\u00f3rio pronto para ser explorado pela Cigeo por uma eternidade.<\/p>\n\n\n\n<p>Ainda vamos a tempo de parar este projeto!<\/p>\n\n\n\n<p>Na linha de eventos antinucleares que achamos inspiradores (acampamento VMC, a Queda do Muro, os Farandoles das Bombas At\u00f4micas, D\u00e9camp&#8217;finement em Bugey \u2026) neste ver\u00e3o, convidamos nossos amigos, (grandes) crian\u00e7as , rebeldes de todas as idades, pregui\u00e7osos, camponeses, invasores, n\u00f3madas, habitantes daqui e de outros lugares.<\/p>\n\n\n\n<p>O nosso acampamento ser\u00e1 autogerido, colorido e estabelecer\u00e1 elos entre aqueles que lutam contra este sistema destrutivo. S\u00e3o encontros, treinos, oficinas de artivismo, hor\u00e1rios mistos selecionados, momentos de dissuas\u00e3o e outras festas subversivas. Vamos marchar, vamos voar para informar, prevenir e defender este territ\u00f3rio. Seja atravessando os trilhos das ferrovias ou outras rotas de fuga, nossas criaturas voadoras n\u00e3o permanecer\u00e3o submissas a Andra.<\/p>\n\n\n\n<p><a rel=\"noreferrer noopener\" href=\"https:\/\/rayonnantes2021.noblogs.org\" target=\"_blank\">Ler Mais&#8230;<\/a><\/p>\n\n\n\n<p><a rel=\"noreferrer noopener\" href=\"https:\/\/twitter.com\/nantes_rayon\" target=\"_blank\">Twitter<\/a> | <a rel=\"noreferrer noopener\" href=\"https:\/\/web.archive.org\/web\/20210803001239\/https:\/\/www.instagram.com\/lesrayonnantes2021\" target=\"_blank\">Instagram<\/a> | <a rel=\"noreferrer noopener\" href=\"https:\/\/www.facebook.com\/rayonnantes2021\" target=\"_blank\">Facebook<\/a>  <\/p>\n","protected":false},"excerpt":{"rendered":"<p>Vamos unir-nos contra a energia nuclear mortal e seu mundo de domina\u00e7\u00e3o. Onde eles querem enterrar tudo, vamos fazer crescer as nossas lutas contra o Cig\u00e9o! O projeto Cigeo liderado pela Andra em Meuse (55) promete enterrar 85.000m\u00b3 de residuos radioativos em 270 km de t\u00faneis durante milhares de anos. Sem respeitar o meio ambiente &hellip; <\/p>\n<p class=\"link-more\"><a href=\"https:\/\/barrososemminas.org\/2022\/2021\/08\/05\/16-26-agosto-les-rayonnantes-acampada-de-encontros-e-outras-coisas-anti-nucleares\/\" class=\"more-link\">Continuar a ler <span class=\"screen-reader-text\">&#8220;16 &#8211; 26 Agosto: Les Rayonnantes &#8211; Acampada de encontros e outras coisas anti-nucleares&#8221;<\/span><\/a><\/p>\n","protected":false},"author":1,"featured_media":0,"comment_status":"open","ping_status":"open","sticky":false,"template":"","format":"standard","meta":[],"categories":[1],"tags":[],"_links":{"self":[{"href":"https:\/\/barrososemminas.org\/2022\/wp-json\/wp\/v2\/posts\/509"}],"collection":[{"href":"https:\/\/barrososemminas.org\/2022\/wp-json\/wp\/v2\/posts"}],"about":[{"href":"https:\/\/barrososemminas.org\/2022\/wp-json\/wp\/v2\/types\/post"}],"author":[{"embeddable":true,"href":"https:\/\/barrososemminas.org\/2022\/wp-json\/wp\/v2\/users\/1"}],"replies":[{"embeddable":true,"href":"https:\/\/barrososemminas.org\/2022\/wp-json\/wp\/v2\/comments?post=509"}],"version-history":[{"count":2,"href":"https:\/\/barrososemminas.org\/2022\/wp-json\/wp\/v2\/posts\/509\/revisions"}],"predecessor-version":[{"id":512,"href":"https:\/\/barrososemminas.org\/2022\/wp-json\/wp\/v2\/posts\/509\/revisions\/512"}],"wp:attachment":[{"href":"https:\/\/barrososemminas.org\/2022\/wp-json\/wp\/v2\/media?parent=509"}],"wp:term":[{"taxonomy":"category","embeddable":true,"href":"https:\/\/barrososemminas.org\/2022\/wp-json\/wp\/v2\/categories?post=509"},{"taxonomy":"post_tag","embeddable":true,"href":"https:\/\/barrososemminas.org\/2022\/wp-json\/wp\/v2\/tags?post=509"}],"curies":[{"name":"wp","href":"https:\/\/api.w.org\/{rel}","templated":true}]}}