{"id":416,"date":"2021-08-03T12:59:24","date_gmt":"2021-08-03T12:59:24","guid":{"rendered":"https:\/\/barrososemminas.org\/2022\/?p=416"},"modified":"2021-08-03T12:59:25","modified_gmt":"2021-08-03T12:59:25","slug":"7-de-agosto-a-partir-das-13h-coimbra-lutas-pela-vida-contra-megaprojectos-de-morte-em-portugal-e-no-mexico","status":"publish","type":"post","link":"https:\/\/barrososemminas.org\/2022\/2021\/08\/03\/7-de-agosto-a-partir-das-13h-coimbra-lutas-pela-vida-contra-megaprojectos-de-morte-em-portugal-e-no-mexico\/","title":{"rendered":"7 de Agosto a partir das 13h &#8211; Coimbra: Lutas pela Vida &#8211; Contra megaprojectos de morte em Portugal e no M\u00e9xico,"},"content":{"rendered":"\n<figure class=\"wp-block-image size-full\"><img loading=\"lazy\" width=\"640\" height=\"785\" src=\"https:\/\/barrososemminas.org\/2022\/wp-content\/uploads\/2021\/08\/image.png\" alt=\"\" class=\"wp-image-417\" srcset=\"https:\/\/barrososemminas.org\/2022\/wp-content\/uploads\/2021\/08\/image.png 640w, https:\/\/barrososemminas.org\/2022\/wp-content\/uploads\/2021\/08\/image-245x300.png 245w\" sizes=\"(max-width: 640px) 100vw, 640px\" \/><\/figure>\n\n\n\n<p>Conversa em Coimbra &#8220;Lutas pela Vida &#8211; Contra megaprojectos de morte em Portugal e no M\u00e9xico, com a participa\u00e7\u00e3o da associa\u00e7\u00e3o Unidos em Defesa de Covas do Barroso (contra as minas de l\u00edtio) e a Asamblea Maya M\u00fauch Xiinbal (contra o Comboio Maia no M\u00e9xico)&#8221;.<\/p>\n","protected":false},"excerpt":{"rendered":"<p>Conversa em Coimbra &#8220;Lutas pela Vida &#8211; Contra megaprojectos de morte em Portugal e no M\u00e9xico, com a participa\u00e7\u00e3o da associa\u00e7\u00e3o Unidos em Defesa de Covas do Barroso (contra as minas de l\u00edtio) e a Asamblea Maya M\u00fauch Xiinbal (contra o Comboio Maia no M\u00e9xico)&#8221;.<\/p>\n","protected":false},"author":1,"featured_media":0,"comment_status":"open","ping_status":"open","sticky":false,"template":"","format":"standard","meta":[],"categories":[1],"tags":[],"_links":{"self":[{"href":"https:\/\/barrososemminas.org\/2022\/wp-json\/wp\/v2\/posts\/416"}],"collection":[{"href":"https:\/\/barrososemminas.org\/2022\/wp-json\/wp\/v2\/posts"}],"about":[{"href":"https:\/\/barrososemminas.org\/2022\/wp-json\/wp\/v2\/types\/post"}],"author":[{"embeddable":true,"href":"https:\/\/barrososemminas.org\/2022\/wp-json\/wp\/v2\/users\/1"}],"replies":[{"embeddable":true,"href":"https:\/\/barrososemminas.org\/2022\/wp-json\/wp\/v2\/comments?post=416"}],"version-history":[{"count":1,"href":"https:\/\/barrososemminas.org\/2022\/wp-json\/wp\/v2\/posts\/416\/revisions"}],"predecessor-version":[{"id":418,"href":"https:\/\/barrososemminas.org\/2022\/wp-json\/wp\/v2\/posts\/416\/revisions\/418"}],"wp:attachment":[{"href":"https:\/\/barrososemminas.org\/2022\/wp-json\/wp\/v2\/media?parent=416"}],"wp:term":[{"taxonomy":"category","embeddable":true,"href":"https:\/\/barrososemminas.org\/2022\/wp-json\/wp\/v2\/categories?post=416"},{"taxonomy":"post_tag","embeddable":true,"href":"https:\/\/barrososemminas.org\/2022\/wp-json\/wp\/v2\/tags?post=416"}],"curies":[{"name":"wp","href":"https:\/\/api.w.org\/{rel}","templated":true}]}}